{"id":1551,"date":"2021-10-04T16:26:44","date_gmt":"2021-10-04T16:26:44","guid":{"rendered":"https:\/\/www.marzenakolarz.com\/Blog\/?p=1551"},"modified":"2024-07-22T13:17:43","modified_gmt":"2024-07-22T13:17:43","slug":"offo-21","status":"publish","type":"post","link":"https:\/\/www.marzenakolarz.com\/Blog\/wystawa\/offo-21\/","title":{"rendered":"OFFO 21"},"content":{"rendered":"\n<p>Ju\u017c 22.10.2021 rozpoczyna si\u0119 kolejna edycja OFFO czyli Og\u00f3lnopolskiego Festiwalu Fotografii Otworkowej. To niesamowite wydarzenie, kt\u00f3re gromadzi &#8222;otworkowc\u00f3w&#8221; z ca\u0142ego \u015bwiata. <\/p>\n\n\n\n<!--more-->\n\n\n\n<p>Ja na tegoroczn\u0105 edycj\u0119 przygotowa\u0142am nowy cykl pt. &#8222;krajobrazy wy\u015bnione&#8221;. Wszystkie informacje na temat OFFO mo\u017cna znale\u017a\u0107 na stronie internetowej: <a href=\"http:\/\/offo.netarteria.info\/\" data-type=\"URL\" data-id=\"http:\/\/offo.netarteria.info\/\">http:\/\/offo.netarteria.info\/<\/a><\/p>\n","protected":false},"excerpt":{"rendered":"<p>Ju\u017c 22.10.2021 rozpoczyna si\u0119 kolejna edycja OFFO czyli Og\u00f3lnopolskiego Festiwalu Fotografii Otworkowej. To niesamowite wydarzenie, kt\u00f3re gromadzi &#8222;otworkowc\u00f3w&#8221; z ca\u0142ego \u015bwiata.<\/p>\n","protected":false},"author":1,"featured_media":1527,"comment_status":"open","ping_status":"open","sticky":false,"template":"","format":"standard","meta":{"footnotes":""},"categories":[56],"tags":[57,60,58,59,61],"class_list":["post-1551","post","type-post","status-publish","format-standard","has-post-thumbnail","hentry","category-wystawa","tag-festiwal","tag-fotografia-otworkowa","tag-offo","tag-ogolnopolski-festiwal-fotografii-otworkowej","tag-wystawa"],"_links":{"self":[{"href":"https:\/\/www.marzenakolarz.com\/Blog\/wp-json\/wp\/v2\/posts\/1551"}],"collection":[{"href":"https:\/\/www.marzenakolarz.com\/Blog\/wp-json\/wp\/v2\/posts"}],"about":[{"href":"https:\/\/www.marzenakolarz.com\/Blog\/wp-json\/wp\/v2\/types\/post"}],"author":[{"embeddable":true,"href":"https:\/\/www.marzenakolarz.com\/Blog\/wp-json\/wp\/v2\/users\/1"}],"replies":[{"embeddable":true,"href":"https:\/\/www.marzenakolarz.com\/Blog\/wp-json\/wp\/v2\/comments?post=1551"}],"version-history":[{"count":2,"href":"https:\/\/www.marzenakolarz.com\/Blog\/wp-json\/wp\/v2\/posts\/1551\/revisions"}],"predecessor-version":[{"id":1749,"href":"https:\/\/www.marzenakolarz.com\/Blog\/wp-json\/wp\/v2\/posts\/1551\/revisions\/1749"}],"wp:featuredmedia":[{"embeddable":true,"href":"https:\/\/www.marzenakolarz.com\/Blog\/wp-json\/wp\/v2\/media\/1527"}],"wp:attachment":[{"href":"https:\/\/www.marzenakolarz.com\/Blog\/wp-json\/wp\/v2\/media?parent=1551"}],"wp:term":[{"taxonomy":"category","embeddable":true,"href":"https:\/\/www.marzenakolarz.com\/Blog\/wp-json\/wp\/v2\/categories?post=1551"},{"taxonomy":"post_tag","embeddable":true,"href":"https:\/\/www.marzenakolarz.com\/Blog\/wp-json\/wp\/v2\/tags?post=1551"}],"curies":[{"name":"wp","href":"https:\/\/api.w.org\/{rel}","templated":true}]}}